{"id":36,"date":"2021-03-18T14:53:22","date_gmt":"2021-03-18T17:53:22","guid":{"rendered":"http:\/\/www.kopf.eng.br\/blog\/?p=36"},"modified":"2021-05-25T15:58:43","modified_gmt":"2021-05-25T18:58:43","slug":"consulta-publica-para-reciclagem-de-embalagens-de-vidro","status":"publish","type":"post","link":"https:\/\/www.kopf.eng.br\/blog\/consulta-publica-para-reciclagem-de-embalagens-de-vidro\/","title":{"rendered":"Aberta consulta p\u00fablica para reciclagem de embalagens de vidro em..."},"content":{"rendered":"\n<p><em>Objetivo do decreto para log\u00edstica reversa \u00e9 reduzir impactos ao meio ambiente e sa\u00fade das pessoas<\/em><\/p>\n\n\n\n<p>O Minist\u00e9rio do Meio Ambiente (MMA) abriu nesta segunda-feira (4\/1) consulta p\u00fablica sobre Decreto para garantir a destina\u00e7\u00e3o final ambientalmente adequada das embalagens de vidro. Prevista h\u00e1 mais de 10 anos pela Pol\u00edtica Nacional de Res\u00edduos S\u00f3lidos (PNRS), a institui\u00e7\u00e3o da log\u00edstica reversa de embalagens de vidro \u00e9 o grande objetivo do Decreto.<\/p>\n\n\n\n<p>A iniciativa traz uma s\u00e9rie de ganhos ambientais significativos, como reduzir a polui\u00e7\u00e3o, manter materiais em uso e regenerar sistemas naturais. Al\u00e9m disso, tamb\u00e9m est\u00e3o previstos impactos positivos para os brasileiros, com gera\u00e7\u00e3o de emprego e renda via fomento \u00e0 reciclagem, e melhorias \u00e0 sa\u00fade da popula\u00e7\u00e3o, impactada pelo descarte inadequado desses res\u00edduos.<\/p>\n\n\n\n<p>O decreto prev\u00ea o est\u00edmulo \u00e0 inser\u00e7\u00e3o produtiva e remunera\u00e7\u00e3o das cooperativas e associa\u00e7\u00f5es de catadores de materiais reutiliz\u00e1veis e recicl\u00e1veis, abrangendo fabricantes, importadores, distribuidores e comerciantes de produtos comercializados em embalagens de vidro.<\/p>\n\n\n\n<p>Munic\u00edpios tamb\u00e9m ser\u00e3o beneficiados, visto que atualmente sobrecarregam seus sistemas de limpeza urbana com o manejo de res\u00edduos pelos quais n\u00e3o s\u00e3o legalmente respons\u00e1veis.<\/p>\n\n\n\n<p>As contribui\u00e7\u00f5es para a consulta p\u00fablica acerca da proposta de Decreto podem ser feitas at\u00e9 o dia 5\/2&nbsp;<a href=\"http:\/\/consultaspublicas.mma.gov.br\/decretoembalagensdevidro\/\" target=\"_blank\" rel=\"noreferrer noopener\">pelo site do Minist\u00e9rio do Meio Ambiente.<\/a><\/p>\n","protected":false},"excerpt":{"rendered":"<p>Objetivo do decreto para log\u00edstica reversa \u00e9 reduzir impactos ao [&hellip;]<\/p>\n","protected":false},"author":1,"featured_media":38,"comment_status":"closed","ping_status":"closed","sticky":false,"template":"","format":"standard","meta":{"_et_pb_use_builder":"","_et_pb_old_content":"","_et_gb_content_width":""},"categories":[2,4],"tags":[],"yoast_head":"<!-- This site is optimized with the Yoast SEO plugin v21.8.1 - https:\/\/yoast.com\/wordpress\/plugins\/seo\/ -->\n<title>Aberta consulta p\u00fablica para reciclagem de embalagens de vidro em todo o Brasil<\/title>\n<meta name=\"description\" content=\"O Minist\u00e9rio do Meio Ambiente (MMA) abriu nesta segunda-feira (4\/1) consulta p\u00fablica sobre Decreto para garantir a destina\u00e7\u00e3o final ambientalmente adequada das embalagens de vidro.\" \/>\n<meta name=\"robots\" content=\"index, follow, max-snippet:-1, max-image-preview:large, max-video-preview:-1\" \/>\n<link rel=\"canonical\" href=\"https:\/\/www.kopf.eng.br\/blog\/consulta-publica-para-reciclagem-de-embalagens-de-vidro\/\" \/>\n<meta property=\"og:locale\" content=\"pt_BR\" \/>\n<meta property=\"og:type\" content=\"article\" \/>\n<meta property=\"og:title\" content=\"Aberta consulta p\u00fablica para reciclagem de embalagens de vidro em todo o Brasil\" \/>\n<meta property=\"og:description\" content=\"O Minist\u00e9rio do Meio Ambiente (MMA) abriu nesta segunda-feira (4\/1) consulta p\u00fablica sobre Decreto para garantir a destina\u00e7\u00e3o final ambientalmente adequada das embalagens de vidro.\" \/>\n<meta property=\"og:url\" content=\"https:\/\/www.kopf.eng.br\/blog\/consulta-publica-para-reciclagem-de-embalagens-de-vidro\/\" \/>\n<meta property=\"og:site_name\" content=\"Blog Kopf Ambiental\" \/>\n<meta property=\"article:published_time\" content=\"2021-03-18T17:53:22+00:00\" \/>\n<meta property=\"article:modified_time\" content=\"2021-05-25T18:58:43+00:00\" \/>\n<meta property=\"og:image\" content=\"https:\/\/www.kopf.eng.br\/blog\/wp-content\/uploads\/2021\/03\/reciclagem-de-vidro-thumb.jpg\" \/>\n\t<meta property=\"og:image:width\" content=\"720\" \/>\n\t<meta property=\"og:image:height\" content=\"480\" \/>\n\t<meta property=\"og:image:type\" content=\"image\/jpeg\" \/>\n<meta name=\"author\" content=\"blog-admin\" \/>\n<meta name=\"twitter:card\" content=\"summary_large_image\" \/>\n<meta name=\"twitter:label1\" content=\"Escrito por\" \/>\n\t<meta name=\"twitter:data1\" content=\"blog-admin\" \/>\n\t<meta name=\"twitter:label2\" content=\"Est. tempo de leitura\" \/>\n\t<meta name=\"twitter:data2\" content=\"1 minuto\" \/>\n<script type=\"application\/ld+json\" class=\"yoast-schema-graph\">{\"@context\":\"https:\/\/schema.org\",\"@graph\":[{\"@type\":\"Article\",\"@id\":\"https:\/\/www.kopf.eng.br\/blog\/consulta-publica-para-reciclagem-de-embalagens-de-vidro\/#article\",\"isPartOf\":{\"@id\":\"https:\/\/www.kopf.eng.br\/blog\/consulta-publica-para-reciclagem-de-embalagens-de-vidro\/\"},\"author\":{\"name\":\"blog-admin\",\"@id\":\"https:\/\/www.kopf.eng.br\/blog\/#\/schema\/person\/f1fac7cfd42de850cafe34d351c05f3b\"},\"headline\":\"Aberta consulta p\u00fablica para reciclagem de embalagens de vidro em...\",\"datePublished\":\"2021-03-18T17:53:22+00:00\",\"dateModified\":\"2021-05-25T18:58:43+00:00\",\"mainEntityOfPage\":{\"@id\":\"https:\/\/www.kopf.eng.br\/blog\/consulta-publica-para-reciclagem-de-embalagens-de-vidro\/\"},\"wordCount\":247,\"publisher\":{\"@id\":\"https:\/\/www.kopf.eng.br\/blog\/#organization\"},\"articleSection\":[\"Not\u00edcias\",\"Reciclagem\"],\"inLanguage\":\"pt-BR\"},{\"@type\":\"WebPage\",\"@id\":\"https:\/\/www.kopf.eng.br\/blog\/consulta-publica-para-reciclagem-de-embalagens-de-vidro\/\",\"url\":\"https:\/\/www.kopf.eng.br\/blog\/consulta-publica-para-reciclagem-de-embalagens-de-vidro\/\",\"name\":\"Aberta consulta p\u00fablica para reciclagem de embalagens de vidro em todo o Brasil\",\"isPartOf\":{\"@id\":\"https:\/\/www.kopf.eng.br\/blog\/#website\"},\"datePublished\":\"2021-03-18T17:53:22+00:00\",\"dateModified\":\"2021-05-25T18:58:43+00:00\",\"description\":\"O Minist\u00e9rio do Meio Ambiente (MMA) abriu nesta segunda-feira (4\/1) consulta p\u00fablica sobre Decreto para garantir a destina\u00e7\u00e3o final ambientalmente adequada das embalagens de vidro.\",\"breadcrumb\":{\"@id\":\"https:\/\/www.kopf.eng.br\/blog\/consulta-publica-para-reciclagem-de-embalagens-de-vidro\/#breadcrumb\"},\"inLanguage\":\"pt-BR\",\"potentialAction\":[{\"@type\":\"ReadAction\",\"target\":[\"https:\/\/www.kopf.eng.br\/blog\/consulta-publica-para-reciclagem-de-embalagens-de-vidro\/\"]}]},{\"@type\":\"BreadcrumbList\",\"@id\":\"https:\/\/www.kopf.eng.br\/blog\/consulta-publica-para-reciclagem-de-embalagens-de-vidro\/#breadcrumb\",\"itemListElement\":[{\"@type\":\"ListItem\",\"position\":1,\"name\":\"In\u00edcio\",\"item\":\"https:\/\/www.kopf.eng.br\/blog\/\"},{\"@type\":\"ListItem\",\"position\":2,\"name\":\"Aberta consulta p\u00fablica para reciclagem de embalagens de vidro em todo o Brasil\"}]},{\"@type\":\"WebSite\",\"@id\":\"https:\/\/www.kopf.eng.br\/blog\/#website\",\"url\":\"https:\/\/www.kopf.eng.br\/blog\/\",\"name\":\"Blog Kopf Ambiental\",\"description\":\"\",\"publisher\":{\"@id\":\"https:\/\/www.kopf.eng.br\/blog\/#organization\"},\"potentialAction\":[{\"@type\":\"SearchAction\",\"target\":{\"@type\":\"EntryPoint\",\"urlTemplate\":\"https:\/\/www.kopf.eng.br\/blog\/?s={search_term_string}\"},\"query-input\":\"required name=search_term_string\"}],\"inLanguage\":\"pt-BR\"},{\"@type\":\"Organization\",\"@id\":\"https:\/\/www.kopf.eng.br\/blog\/#organization\",\"name\":\"Kopf Ambiental\",\"url\":\"https:\/\/www.kopf.eng.br\/blog\/\",\"logo\":{\"@type\":\"ImageObject\",\"inLanguage\":\"pt-BR\",\"@id\":\"https:\/\/www.kopf.eng.br\/blog\/#\/schema\/logo\/image\/\",\"url\":\"http:\/\/www.kopf.eng.br\/blog\/wp-content\/uploads\/2021\/03\/logo.png\",\"contentUrl\":\"http:\/\/www.kopf.eng.br\/blog\/wp-content\/uploads\/2021\/03\/logo.png\",\"width\":98,\"height\":55,\"caption\":\"Kopf Ambiental\"},\"image\":{\"@id\":\"https:\/\/www.kopf.eng.br\/blog\/#\/schema\/logo\/image\/\"}},{\"@type\":\"Person\",\"@id\":\"https:\/\/www.kopf.eng.br\/blog\/#\/schema\/person\/f1fac7cfd42de850cafe34d351c05f3b\",\"name\":\"blog-admin\",\"image\":{\"@type\":\"ImageObject\",\"inLanguage\":\"pt-BR\",\"@id\":\"https:\/\/www.kopf.eng.br\/blog\/#\/schema\/person\/image\/\",\"url\":\"https:\/\/secure.gravatar.com\/avatar\/f9a722b8e98f3b940661055e7147baf6?s=96&d=mm&r=g\",\"contentUrl\":\"https:\/\/secure.gravatar.com\/avatar\/f9a722b8e98f3b940661055e7147baf6?s=96&d=mm&r=g\",\"caption\":\"blog-admin\"},\"sameAs\":[\"http:\/\/www.kopf.eng.br\/blog\/\"]}]}<\/script>\n<!-- \/ Yoast SEO plugin. -->","yoast_head_json":{"title":"Aberta consulta p\u00fablica para reciclagem de embalagens de vidro em todo o Brasil","description":"O Minist\u00e9rio do Meio Ambiente (MMA) abriu nesta segunda-feira (4\/1) consulta p\u00fablica sobre Decreto para garantir a destina\u00e7\u00e3o final ambientalmente adequada das embalagens de vidro.","robots":{"index":"index","follow":"follow","max-snippet":"max-snippet:-1","max-image-preview":"max-image-preview:large","max-video-preview":"max-video-preview:-1"},"canonical":"https:\/\/www.kopf.eng.br\/blog\/consulta-publica-para-reciclagem-de-embalagens-de-vidro\/","og_locale":"pt_BR","og_type":"article","og_title":"Aberta consulta p\u00fablica para reciclagem de embalagens de vidro em todo o Brasil","og_description":"O Minist\u00e9rio do Meio Ambiente (MMA) abriu nesta segunda-feira (4\/1) consulta p\u00fablica sobre Decreto para garantir a destina\u00e7\u00e3o final ambientalmente adequada das embalagens de vidro.","og_url":"https:\/\/www.kopf.eng.br\/blog\/consulta-publica-para-reciclagem-de-embalagens-de-vidro\/","og_site_name":"Blog Kopf Ambiental","article_published_time":"2021-03-18T17:53:22+00:00","article_modified_time":"2021-05-25T18:58:43+00:00","og_image":[{"width":720,"height":480,"url":"https:\/\/www.kopf.eng.br\/blog\/wp-content\/uploads\/2021\/03\/reciclagem-de-vidro-thumb.jpg","type":"image\/jpeg"}],"author":"blog-admin","twitter_card":"summary_large_image","twitter_misc":{"Escrito por":"blog-admin","Est. tempo de leitura":"1 minuto"},"schema":{"@context":"https:\/\/schema.org","@graph":[{"@type":"Article","@id":"https:\/\/www.kopf.eng.br\/blog\/consulta-publica-para-reciclagem-de-embalagens-de-vidro\/#article","isPartOf":{"@id":"https:\/\/www.kopf.eng.br\/blog\/consulta-publica-para-reciclagem-de-embalagens-de-vidro\/"},"author":{"name":"blog-admin","@id":"https:\/\/www.kopf.eng.br\/blog\/#\/schema\/person\/f1fac7cfd42de850cafe34d351c05f3b"},"headline":"Aberta consulta p\u00fablica para reciclagem de embalagens de vidro em...","datePublished":"2021-03-18T17:53:22+00:00","dateModified":"2021-05-25T18:58:43+00:00","mainEntityOfPage":{"@id":"https:\/\/www.kopf.eng.br\/blog\/consulta-publica-para-reciclagem-de-embalagens-de-vidro\/"},"wordCount":247,"publisher":{"@id":"https:\/\/www.kopf.eng.br\/blog\/#organization"},"articleSection":["Not\u00edcias","Reciclagem"],"inLanguage":"pt-BR"},{"@type":"WebPage","@id":"https:\/\/www.kopf.eng.br\/blog\/consulta-publica-para-reciclagem-de-embalagens-de-vidro\/","url":"https:\/\/www.kopf.eng.br\/blog\/consulta-publica-para-reciclagem-de-embalagens-de-vidro\/","name":"Aberta consulta p\u00fablica para reciclagem de embalagens de vidro em todo o Brasil","isPartOf":{"@id":"https:\/\/www.kopf.eng.br\/blog\/#website"},"datePublished":"2021-03-18T17:53:22+00:00","dateModified":"2021-05-25T18:58:43+00:00","description":"O Minist\u00e9rio do Meio Ambiente (MMA) abriu nesta segunda-feira (4\/1) consulta p\u00fablica sobre Decreto para garantir a destina\u00e7\u00e3o final ambientalmente adequada das embalagens de vidro.","breadcrumb":{"@id":"https:\/\/www.kopf.eng.br\/blog\/consulta-publica-para-reciclagem-de-embalagens-de-vidro\/#breadcrumb"},"inLanguage":"pt-BR","potentialAction":[{"@type":"ReadAction","target":["https:\/\/www.kopf.eng.br\/blog\/consulta-publica-para-reciclagem-de-embalagens-de-vidro\/"]}]},{"@type":"BreadcrumbList","@id":"https:\/\/www.kopf.eng.br\/blog\/consulta-publica-para-reciclagem-de-embalagens-de-vidro\/#breadcrumb","itemListElement":[{"@type":"ListItem","position":1,"name":"In\u00edcio","item":"https:\/\/www.kopf.eng.br\/blog\/"},{"@type":"ListItem","position":2,"name":"Aberta consulta p\u00fablica para reciclagem de embalagens de vidro em todo o Brasil"}]},{"@type":"WebSite","@id":"https:\/\/www.kopf.eng.br\/blog\/#website","url":"https:\/\/www.kopf.eng.br\/blog\/","name":"Blog Kopf Ambiental","description":"","publisher":{"@id":"https:\/\/www.kopf.eng.br\/blog\/#organization"},"potentialAction":[{"@type":"SearchAction","target":{"@type":"EntryPoint","urlTemplate":"https:\/\/www.kopf.eng.br\/blog\/?s={search_term_string}"},"query-input":"required name=search_term_string"}],"inLanguage":"pt-BR"},{"@type":"Organization","@id":"https:\/\/www.kopf.eng.br\/blog\/#organization","name":"Kopf Ambiental","url":"https:\/\/www.kopf.eng.br\/blog\/","logo":{"@type":"ImageObject","inLanguage":"pt-BR","@id":"https:\/\/www.kopf.eng.br\/blog\/#\/schema\/logo\/image\/","url":"http:\/\/www.kopf.eng.br\/blog\/wp-content\/uploads\/2021\/03\/logo.png","contentUrl":"http:\/\/www.kopf.eng.br\/blog\/wp-content\/uploads\/2021\/03\/logo.png","width":98,"height":55,"caption":"Kopf Ambiental"},"image":{"@id":"https:\/\/www.kopf.eng.br\/blog\/#\/schema\/logo\/image\/"}},{"@type":"Person","@id":"https:\/\/www.kopf.eng.br\/blog\/#\/schema\/person\/f1fac7cfd42de850cafe34d351c05f3b","name":"blog-admin","image":{"@type":"ImageObject","inLanguage":"pt-BR","@id":"https:\/\/www.kopf.eng.br\/blog\/#\/schema\/person\/image\/","url":"https:\/\/secure.gravatar.com\/avatar\/f9a722b8e98f3b940661055e7147baf6?s=96&d=mm&r=g","contentUrl":"https:\/\/secure.gravatar.com\/avatar\/f9a722b8e98f3b940661055e7147baf6?s=96&d=mm&r=g","caption":"blog-admin"},"sameAs":["http:\/\/www.kopf.eng.br\/blog\/"]}]}},"_links":{"self":[{"href":"https:\/\/www.kopf.eng.br\/blog\/wp-json\/wp\/v2\/posts\/36"}],"collection":[{"href":"https:\/\/www.kopf.eng.br\/blog\/wp-json\/wp\/v2\/posts"}],"about":[{"href":"https:\/\/www.kopf.eng.br\/blog\/wp-json\/wp\/v2\/types\/post"}],"author":[{"embeddable":true,"href":"https:\/\/www.kopf.eng.br\/blog\/wp-json\/wp\/v2\/users\/1"}],"replies":[{"embeddable":true,"href":"https:\/\/www.kopf.eng.br\/blog\/wp-json\/wp\/v2\/comments?post=36"}],"version-history":[{"count":2,"href":"https:\/\/www.kopf.eng.br\/blog\/wp-json\/wp\/v2\/posts\/36\/revisions"}],"predecessor-version":[{"id":149,"href":"https:\/\/www.kopf.eng.br\/blog\/wp-json\/wp\/v2\/posts\/36\/revisions\/149"}],"wp:featuredmedia":[{"embeddable":true,"href":"https:\/\/www.kopf.eng.br\/blog\/wp-json\/wp\/v2\/media\/38"}],"wp:attachment":[{"href":"https:\/\/www.kopf.eng.br\/blog\/wp-json\/wp\/v2\/media?parent=36"}],"wp:term":[{"taxonomy":"category","embeddable":true,"href":"https:\/\/www.kopf.eng.br\/blog\/wp-json\/wp\/v2\/categories?post=36"},{"taxonomy":"post_tag","embeddable":true,"href":"https:\/\/www.kopf.eng.br\/blog\/wp-json\/wp\/v2\/tags?post=36"}],"curies":[{"name":"wp","href":"https:\/\/api.w.org\/{rel}","templated":true}]}}